{"id":9716,"date":"2019-09-27T18:29:26","date_gmt":"2019-09-27T16:29:26","guid":{"rendered":"https:\/\/www.a-tour.de\/de\/?p=9716"},"modified":"2019-09-27T18:31:22","modified_gmt":"2019-09-27T16:31:22","slug":"die-kulturtipps-von-voellmarpahl","status":"publish","type":"post","link":"https:\/\/www.a-tour.de\/de\/die-kulturtipps-von-voellmarpahl\/","title":{"rendered":"Die Kulturtipps von voellmarpahl: Wohin gehen Hamburgs Architekten?"},"content":{"rendered":"<p>Diesen Monat die Kulturtipps von Katja Pahl Partner im B\u00fcro <a href=\"http:\/\/www.instagram.com\/voellmarpahl\" target=\"_blank\" rel=\"noopener noreferrer\">voellmarpahl<\/a><\/p>\n<p>Wohin gehen Hamburgs Architektinnen und Architekten am liebsten? Regelm\u00e4\u00dfig berichten hier Hamburger Architektinnen und Architekten was sie in Hamburg am liebsten m\u00f6gen.<\/p>\n<p>Was ist auch abseits der gro\u00dfen Attraktionen empfehlenswert? Ob Restaurant oder Konzert, spannendes Geb\u00e4ude oder Ausstellung. Lassen Sie sich inspirieren!<\/p>\n<p>Dieser Fragebogen wird ausgef\u00fcllt durch Katja Pahl \/ voellmarpahl<\/p>\n<div id=\"attachment_9714\" style=\"width: 1060px\" class=\"wp-caption alignnone\"><img aria-describedby=\"caption-attachment-9714\" decoding=\"async\" loading=\"lazy\" class=\"size-full wp-image-9714\" src=\"https:\/\/www.a-tour.de\/de\/wp-content\/uploads\/sites\/4\/2019\/09\/374-news-kulturtipps-Portr\u00e4t-Katja-Pahl.jpg\" alt=\"\" width=\"1050\" height=\"600\" srcset=\"https:\/\/www.a-tour.de\/de\/wp-content\/uploads\/sites\/4\/2019\/09\/374-news-kulturtipps-Portr\u00e4t-Katja-Pahl.jpg 1050w, https:\/\/www.a-tour.de\/de\/wp-content\/uploads\/sites\/4\/2019\/09\/374-news-kulturtipps-Portr\u00e4t-Katja-Pahl-300x171.jpg 300w, https:\/\/www.a-tour.de\/de\/wp-content\/uploads\/sites\/4\/2019\/09\/374-news-kulturtipps-Portr\u00e4t-Katja-Pahl-768x439.jpg 768w, https:\/\/www.a-tour.de\/de\/wp-content\/uploads\/sites\/4\/2019\/09\/374-news-kulturtipps-Portr\u00e4t-Katja-Pahl-1024x585.jpg 1024w, https:\/\/www.a-tour.de\/de\/wp-content\/uploads\/sites\/4\/2019\/09\/374-news-kulturtipps-Portr\u00e4t-Katja-Pahl-600x343.jpg 600w\" sizes=\"(max-width: 1050px) 100vw, 1050px\" \/><p id=\"caption-attachment-9714\" class=\"wp-caption-text\">Portr\u00e4t Prof. Katja Pahl<\/p><\/div>\n<p><strong>F\u00fcr die leichte Muse<\/strong>: Das Puppenmuseum im Landhaus Michaelsen von Karl Schneider am Falkensteiner Ufer.<br \/>\n<span class=\"s8\"><span class=\"bumpedFont20\"><strong><span class=\"s7\">weil<\/span><span class=\"s7\">:\u00a0<\/span><\/strong><\/span><\/span>dort in einem wunderbaren Haus mit Ausblick an einem spektakul\u00e4ren Ort eine private Sammlung historischer Puppen gezeigt wird, die einiges \u00fcber das Wohnen vergangener Zeiten verr\u00e4t.<\/p>\n<p><strong>F\u00fcr Experimentierfreudige<\/strong>: Die Dieter Roth Foundation in der Abteistra\u00dfe.<br \/>\n<span class=\"s8\"><span class=\"bumpedFont20\"><strong><span class=\"s7\">weil<\/span><span class=\"s7\">:\u00a0<\/span><\/strong><\/span><\/span>dort in einem klassischen Eppendorfer Stadthaus eine sehr spezielle private Sammlung von Werken von Dieter Roth zu sehen ist.<\/p>\n<h2>Die Kulturtipps von voellmarpahl<\/h2>\n<p><strong>Was Sie auf keinen Fall verpassen sollten<\/strong>: Eine Tour im Ruderboot auf den Fleeten und Kan\u00e4len rund um die Alster<br \/>\n<span class=\"s8\"><span class=\"bumpedFont20\"><strong><span class=\"s7\">weil<\/span><span class=\"s7\">:\u00a0<\/span><\/strong><\/span><\/span>man Hamburg so buchst\u00e4blich von ganz anderen Seiten sieht.<\/p>\n<div id=\"attachment_9713\" style=\"width: 1060px\" class=\"wp-caption alignnone\"><img aria-describedby=\"caption-attachment-9713\" decoding=\"async\" loading=\"lazy\" class=\"size-full wp-image-9713\" src=\"https:\/\/www.a-tour.de\/de\/wp-content\/uploads\/sites\/4\/2019\/09\/373-news-kulturtipps-Sprinkenhof-Katja-Pahl.jpg\" alt=\"\" width=\"1050\" height=\"600\" srcset=\"https:\/\/www.a-tour.de\/de\/wp-content\/uploads\/sites\/4\/2019\/09\/373-news-kulturtipps-Sprinkenhof-Katja-Pahl.jpg 1050w, https:\/\/www.a-tour.de\/de\/wp-content\/uploads\/sites\/4\/2019\/09\/373-news-kulturtipps-Sprinkenhof-Katja-Pahl-300x171.jpg 300w, https:\/\/www.a-tour.de\/de\/wp-content\/uploads\/sites\/4\/2019\/09\/373-news-kulturtipps-Sprinkenhof-Katja-Pahl-768x439.jpg 768w, https:\/\/www.a-tour.de\/de\/wp-content\/uploads\/sites\/4\/2019\/09\/373-news-kulturtipps-Sprinkenhof-Katja-Pahl-1024x585.jpg 1024w, https:\/\/www.a-tour.de\/de\/wp-content\/uploads\/sites\/4\/2019\/09\/373-news-kulturtipps-Sprinkenhof-Katja-Pahl-600x343.jpg 600w\" sizes=\"(max-width: 1050px) 100vw, 1050px\" \/><p id=\"caption-attachment-9713\" class=\"wp-caption-text\">Sprinkenhof \u00a9 Katja Pahl<\/p><\/div>\n<h2>Lieblingsprojekte<\/h2>\n<p><strong>Ihr Lieblingsgeb\u00e4ude<\/strong>: Das Kontorhaus Sprinkenhof von den Gebr\u00fcdern Gerson und H\u00f6ger<br \/>\n<strong><span class=\"s7\">weil<\/span><span class=\"s7\">:\u00a0<\/span><\/strong>es dort unendlich viele spezielle Details zu entdecken gibt.<\/p>\n<p><strong>Ihr eigenes Lieblingsprojekt aus Ihrem B\u00fcro<\/strong>: Unser Lieben Frauen in Bremen<br \/>\n<span class=\"s8\"><span class=\"bumpedFont20\"><strong>weil:\u00a0<\/strong><\/span><\/span>wir dort in einem sehr normalen st\u00e4dtischen Kontext einen ganz besonderen Ort f\u00fcr die Gemeinde Unser Lieben Frauen schaffen durften.<\/p>\n<div id=\"attachment_9715\" style=\"width: 1060px\" class=\"wp-caption alignnone\"><img aria-describedby=\"caption-attachment-9715\" decoding=\"async\" loading=\"lazy\" class=\"size-full wp-image-9715\" src=\"https:\/\/www.a-tour.de\/de\/wp-content\/uploads\/sites\/4\/2019\/09\/375-news-kulturtipps-unser-Lieben-Frauen-Bremen-Fotograf-Stefan-M\u00fcller-Berlin.jpg\" alt=\"\" width=\"1050\" height=\"600\" srcset=\"https:\/\/www.a-tour.de\/de\/wp-content\/uploads\/sites\/4\/2019\/09\/375-news-kulturtipps-unser-Lieben-Frauen-Bremen-Fotograf-Stefan-M\u00fcller-Berlin.jpg 1050w, https:\/\/www.a-tour.de\/de\/wp-content\/uploads\/sites\/4\/2019\/09\/375-news-kulturtipps-unser-Lieben-Frauen-Bremen-Fotograf-Stefan-M\u00fcller-Berlin-300x171.jpg 300w, https:\/\/www.a-tour.de\/de\/wp-content\/uploads\/sites\/4\/2019\/09\/375-news-kulturtipps-unser-Lieben-Frauen-Bremen-Fotograf-Stefan-M\u00fcller-Berlin-768x439.jpg 768w, https:\/\/www.a-tour.de\/de\/wp-content\/uploads\/sites\/4\/2019\/09\/375-news-kulturtipps-unser-Lieben-Frauen-Bremen-Fotograf-Stefan-M\u00fcller-Berlin-1024x585.jpg 1024w, https:\/\/www.a-tour.de\/de\/wp-content\/uploads\/sites\/4\/2019\/09\/375-news-kulturtipps-unser-Lieben-Frauen-Bremen-Fotograf-Stefan-M\u00fcller-Berlin-600x343.jpg 600w\" sizes=\"(max-width: 1050px) 100vw, 1050px\" \/><p id=\"caption-attachment-9715\" class=\"wp-caption-text\">Unser Lieben Frauen, Bremen \u00a9 Stefan M\u00fcller, Berlin<\/p><\/div>\n<h2>Biografie<\/h2>\n<div class=\"cvPartner cv10\">\n<div class=\"headlineBloc\">\n<p>seit 2012\u00a0Mitglied im Vorstand des BDA Bremen<br \/>\nseit 2009\u00a0Studiengangsleitung an der School of Architecture der Hochschule Bremen<br \/>\nseit 2008\u00a0Professorin an der School of Architecture der Hochschule Bremen<br \/>\n1998-2008\u00a0wiss. Mitarbeiterin \/ Oberassistentin am Lehrstuhl Raumgestaltung, TU Dresden<br \/>\n2004\u00a0Gastprofessur Kent State University, USA<br \/>\n1998-1999\u00a0Bothe Richter Teherani Architekten, Hamburg<br \/>\n1997-1998\u00a0Andr\u00e9 Poitiers Architekten, Hamburg<br \/>\n1991-1997\u00a0Studium der Architektur in Braunschweig<\/p>\n<\/div>\n<div>www.instagram.com\/voellmarpahl<\/div>\n<\/div>\n","protected":false},"excerpt":{"rendered":"<p>Wohin gehen Hamburgs Architektinnen und Architekten am liebsten? Dieser Frage wollen wir nachgehen. Diesmal die Kulturtipps von voellmarpahl.<\/p>\n","protected":false},"author":2,"featured_media":9714,"comment_status":"open","ping_status":"open","sticky":false,"template":"","format":"standard","meta":[],"categories":[2,4,1],"tags":[1023],"acf":[],"_links":{"self":[{"href":"https:\/\/www.a-tour.de\/de\/wp-json\/wp\/v2\/posts\/9716"}],"collection":[{"href":"https:\/\/www.a-tour.de\/de\/wp-json\/wp\/v2\/posts"}],"about":[{"href":"https:\/\/www.a-tour.de\/de\/wp-json\/wp\/v2\/types\/post"}],"author":[{"embeddable":true,"href":"https:\/\/www.a-tour.de\/de\/wp-json\/wp\/v2\/users\/2"}],"replies":[{"embeddable":true,"href":"https:\/\/www.a-tour.de\/de\/wp-json\/wp\/v2\/comments?post=9716"}],"version-history":[{"count":3,"href":"https:\/\/www.a-tour.de\/de\/wp-json\/wp\/v2\/posts\/9716\/revisions"}],"predecessor-version":[{"id":9719,"href":"https:\/\/www.a-tour.de\/de\/wp-json\/wp\/v2\/posts\/9716\/revisions\/9719"}],"wp:featuredmedia":[{"embeddable":true,"href":"https:\/\/www.a-tour.de\/de\/wp-json\/wp\/v2\/media\/9714"}],"wp:attachment":[{"href":"https:\/\/www.a-tour.de\/de\/wp-json\/wp\/v2\/media?parent=9716"}],"wp:term":[{"taxonomy":"category","embeddable":true,"href":"https:\/\/www.a-tour.de\/de\/wp-json\/wp\/v2\/categories?post=9716"},{"taxonomy":"post_tag","embeddable":true,"href":"https:\/\/www.a-tour.de\/de\/wp-json\/wp\/v2\/tags?post=9716"}],"curies":[{"name":"wp","href":"https:\/\/api.w.org\/{rel}","templated":true}]}}