{"id":5557,"date":"2015-12-10T11:33:16","date_gmt":"2015-12-10T10:33:16","guid":{"rendered":"https:\/\/www.a-tour.de\/de\/?p=5557"},"modified":"2016-02-23T22:00:25","modified_gmt":"2016-02-23T21:00:25","slug":"wohnen-fuer-alle","status":"publish","type":"post","link":"https:\/\/www.a-tour.de\/de\/wohnen-fuer-alle\/","title":{"rendered":"Wohnen f\u00fcr alle"},"content":{"rendered":"<p>Nach einer 3,5 st\u00fcndigen Sitzung gab das Preisgericht unter Leitung des Oberbaudirektors Prof. J\u00f6rn Walter gestern den Siegerentwurf des Wettbewerbs \u201eWohnen f\u00fcr alle \u2013 mitten in Wilhelmsburg\u201c \u00f6ffentlich bekannt. Unter den vier Teilnehmer fiel die Entscheidung einstimmig f\u00fcr DeZwarteHond (Rotterdam, Niederlande und K\u00f6ln) mit RMP Stephan Lenzen Landschaftsarchitekten (Bonn, Hamburg). Diese Entscheidung war identisch mit dem bereits am Vortag abgegebenen Stimmungsbild der B\u00fcrgerinnen und B\u00fcrger.<\/p>\n<p>Insgesamt sollen 1400 Wohungen und \u00fcber ca. 35.000m\u00b2 Gewerbefl\u00e4che sowie KiTa und Studierendenwohnungen errichtet werden.<\/p>\n<p>Dazu soll der Damm der derzeitigen Wilhelmsburger Reichsstra\u00dfe bis auf einige trapezf\u00f6rmige Erhebungen komplett abgetragen werden. Diese \u201cJokerfl\u00e4chen\u201d sollen den k\u00fcnftigen Bewohnerinnen und Bewohner die M\u00f6glichkeit geben, \u00fcber die Nutzung in diesen Bereichen selber zu entscheiden. Die von der Rathauswettern abzweigenden kleineren Wettern sollen aufgewertet und als fingerartige Gr\u00fcnz\u00fcge von der Parklandschaft in das Quartier hineingezogen werden. Der Gr\u00fcnzug entlang des Assmannkanals w\u00fcrde damit erg\u00e4nzt und insbesondere der Bereich um den Rathaussee st\u00e4dtebaulich aufgewertet werden.<\/p>\n<p>Das Preisgericht hat Empfehlungen f\u00fcr die Weiterentwicklung ausgesprochen, die von den B\u00fcros in den bestehenden Entwurf eingearbeitet werden.\u00a0Es ist geplant das Bebauungsplanverfahren von 2016 \u2013 2018 duchzuf\u00fchren. Somit k\u00f6nnte die Realisierung von 2020 \u2013 2023 erfolgen.<\/p>\n<div id=\"attachment_5562\" style=\"width: 1060px\" class=\"wp-caption alignnone\"><img aria-describedby=\"caption-attachment-5562\" decoding=\"async\" loading=\"lazy\" class=\"wp-image-5562 size-full\" src=\"https:\/\/www.a-tour.de\/de\/wp-content\/uploads\/sites\/4\/2015\/12\/blog_mitten-in-wilhelmsburg_pressekonferenz_c-BSW.jpg\" alt=\"Mitten in Wilhelmsburg\" width=\"1050\" height=\"600\" srcset=\"https:\/\/www.a-tour.de\/de\/wp-content\/uploads\/sites\/4\/2015\/12\/blog_mitten-in-wilhelmsburg_pressekonferenz_c-BSW.jpg 1050w, https:\/\/www.a-tour.de\/de\/wp-content\/uploads\/sites\/4\/2015\/12\/blog_mitten-in-wilhelmsburg_pressekonferenz_c-BSW-300x171.jpg 300w, https:\/\/www.a-tour.de\/de\/wp-content\/uploads\/sites\/4\/2015\/12\/blog_mitten-in-wilhelmsburg_pressekonferenz_c-BSW-768x439.jpg 768w, https:\/\/www.a-tour.de\/de\/wp-content\/uploads\/sites\/4\/2015\/12\/blog_mitten-in-wilhelmsburg_pressekonferenz_c-BSW-1024x585.jpg 1024w, https:\/\/www.a-tour.de\/de\/wp-content\/uploads\/sites\/4\/2015\/12\/blog_mitten-in-wilhelmsburg_pressekonferenz_c-BSW-600x343.jpg 600w\" sizes=\"(max-width: 1050px) 100vw, 1050px\" \/><p id=\"caption-attachment-5562\" class=\"wp-caption-text\">\u00a9 BSW<\/p><\/div>\n<div id=\"attachment_5561\" style=\"width: 1060px\" class=\"wp-caption alignnone\"><img aria-describedby=\"caption-attachment-5561\" decoding=\"async\" loading=\"lazy\" class=\"wp-image-5561 size-full\" src=\"https:\/\/www.a-tour.de\/de\/wp-content\/uploads\/sites\/4\/2015\/12\/blog_mitten-in-wilhelmsburg_isometrie_c-DeZwarteHond_RMP-Stephan-Lenzen.jpg\" alt=\"Mitten in Wilhelmsburg\" width=\"1050\" height=\"600\" srcset=\"https:\/\/www.a-tour.de\/de\/wp-content\/uploads\/sites\/4\/2015\/12\/blog_mitten-in-wilhelmsburg_isometrie_c-DeZwarteHond_RMP-Stephan-Lenzen.jpg 1050w, https:\/\/www.a-tour.de\/de\/wp-content\/uploads\/sites\/4\/2015\/12\/blog_mitten-in-wilhelmsburg_isometrie_c-DeZwarteHond_RMP-Stephan-Lenzen-300x171.jpg 300w, https:\/\/www.a-tour.de\/de\/wp-content\/uploads\/sites\/4\/2015\/12\/blog_mitten-in-wilhelmsburg_isometrie_c-DeZwarteHond_RMP-Stephan-Lenzen-768x439.jpg 768w, https:\/\/www.a-tour.de\/de\/wp-content\/uploads\/sites\/4\/2015\/12\/blog_mitten-in-wilhelmsburg_isometrie_c-DeZwarteHond_RMP-Stephan-Lenzen-1024x585.jpg 1024w, https:\/\/www.a-tour.de\/de\/wp-content\/uploads\/sites\/4\/2015\/12\/blog_mitten-in-wilhelmsburg_isometrie_c-DeZwarteHond_RMP-Stephan-Lenzen-600x343.jpg 600w\" sizes=\"(max-width: 1050px) 100vw, 1050px\" \/><p id=\"caption-attachment-5561\" class=\"wp-caption-text\">Mitten in Wilhelmsburg \u00a9 DeZwarteHond RMP Stephan-Lenzen<\/p><\/div>\n","protected":false},"excerpt":{"rendered":"<p>Die Entscheidung des Wettbewerbs fiel am 09. Dezember 2015 einstimmig f\u00fcr DeZwarteHond mit RMP Stephan Lenzen Landschaftsarchitekten. Insgesamt sollen 1400 Wohungen und \u00fcber ca. 35.000m\u00b2 Gewerbefl\u00e4che sowie KiTa und Wohnungen f\u00fcr Studenten errichtet werden. Dazu soll der Damm der derzeitigen Wilhelmsburger Reichsstra\u00dfe bis auf einige trapezf\u00f6rmige Erhebungen komplett abgetragen werden. Diese \u201cJokerfl\u00e4chen\u201d sollen den k\u00fcnftigen Bewohnerinnen und Bewohner die M\u00f6glichkeit geben, \u00fcber die Nutzung in diesen Bereichen selber zu entscheiden. Die von der Rathauswettern abzweigenden kleineren Wettern sollen aufgewertet und als fingerartige Gr\u00fcnz\u00fcge von der Parklandschaft in das Quartier hineingezogen werden. Der Gr\u00fcnzug entlang des Assmannkanals w\u00fcrde damit erg\u00e4nzt und insbesondere der Bereich um den Rathaussee st\u00e4dtebaulich aufgewertet werden.<\/p>\n","protected":false},"author":2,"featured_media":5561,"comment_status":"open","ping_status":"open","sticky":false,"template":"","format":"standard","meta":[],"categories":[1,6,12],"tags":[167,687,482,617,726],"acf":[],"_links":{"self":[{"href":"https:\/\/www.a-tour.de\/de\/wp-json\/wp\/v2\/posts\/5557"}],"collection":[{"href":"https:\/\/www.a-tour.de\/de\/wp-json\/wp\/v2\/posts"}],"about":[{"href":"https:\/\/www.a-tour.de\/de\/wp-json\/wp\/v2\/types\/post"}],"author":[{"embeddable":true,"href":"https:\/\/www.a-tour.de\/de\/wp-json\/wp\/v2\/users\/2"}],"replies":[{"embeddable":true,"href":"https:\/\/www.a-tour.de\/de\/wp-json\/wp\/v2\/comments?post=5557"}],"version-history":[{"count":5,"href":"https:\/\/www.a-tour.de\/de\/wp-json\/wp\/v2\/posts\/5557\/revisions"}],"predecessor-version":[{"id":5954,"href":"https:\/\/www.a-tour.de\/de\/wp-json\/wp\/v2\/posts\/5557\/revisions\/5954"}],"wp:featuredmedia":[{"embeddable":true,"href":"https:\/\/www.a-tour.de\/de\/wp-json\/wp\/v2\/media\/5561"}],"wp:attachment":[{"href":"https:\/\/www.a-tour.de\/de\/wp-json\/wp\/v2\/media?parent=5557"}],"wp:term":[{"taxonomy":"category","embeddable":true,"href":"https:\/\/www.a-tour.de\/de\/wp-json\/wp\/v2\/categories?post=5557"},{"taxonomy":"post_tag","embeddable":true,"href":"https:\/\/www.a-tour.de\/de\/wp-json\/wp\/v2\/tags?post=5557"}],"curies":[{"name":"wp","href":"https:\/\/api.w.org\/{rel}","templated":true}]}}